{"id":5057,"date":"2024-01-15T01:57:29","date_gmt":"2024-01-14T22:57:29","guid":{"rendered":"https:\/\/vahamartti.fi\/blog\/?p=5057"},"modified":"2024-01-15T18:03:55","modified_gmt":"2024-01-15T15:03:55","slug":"kulutuksen-normitus","status":"publish","type":"post","link":"https:\/\/vahamartti.fi\/blog\/?p=5057","title":{"rendered":"Kulutuksen normitus"},"content":{"rendered":"\n<p class=\"wp-block-paragraph\">Jo pitk\u00e4\u00e4n olen ihmetellyt, mik\u00e4 idea kiinteist\u00f6n kulutuksen normituksella on &#8211; se kun ei vastaa todellista kulutusta, eik\u00e4 se ole tuntunut vastaavan oikein mit\u00e4\u00e4n muutakaan &#8211; edes itse\u00e4\u00e4n.\u2002Olen asiasta lukenut monesti aiemmin, esimerkiksi <a href=\"https:\/\/www.motiva.fi\/julkinen_sektori\/kiinteiston_energiankaytto\/kulutuksen_normitus\" target=\"_blank\" rel=\"noreferrer noopener\">Motivan sivuilta<\/a>, ja sin\u00e4ll\u00e4\u00e4n periaate on ymm\u00e4rrett\u00e4v\u00e4.<\/p>\n\n\n\n<p class=\"wp-block-paragraph\">Normituksen ideana on tasoittaa l\u00e4mp\u00f6tilasta, eli l\u00e4mmitystarpeesta johtuvat vaihtelut. Toisin sanoen, oli talvi todella kylm\u00e4 tai leuto, niin normitus antaa jotakuinkin saman tuloksen vuodesta toiseen, kertoen kiinteist\u00f6n energiatehokkuudesta \/ keskim\u00e4\u00e4r\u00e4isest\u00e4 energiantarpeesta keskim\u00e4\u00e4r\u00e4isen\u00e4 vuotena. Tulos muuttuu, kun kiinteist\u00f6lle tehd\u00e4\u00e4n  energiatehokkuutta parantavia toimenpiteit\u00e4.<\/p>\n\n\n\n<p class=\"wp-block-paragraph\">Alla esimerkki kaukol\u00e4mm\u00f6n vuosikulutuksista, yksikk\u00f6n\u00e4 MWh\/vuosi. Kuten kuvaajasta n\u00e4kee, v\u00e4lill\u00e4 energiaa on mennyt enemm\u00e4n, toisinaan v\u00e4hemm\u00e4n. Kuvaajasta p\u00e4\u00e4tellen voisi ajatella, ett\u00e4 vuodet 2015, 2017 ja 2022 ovat olleet hieman keskim\u00e4\u00e4r\u00e4ist\u00e4 leudompia, ja vuodet 2020 ja 2023 hyvin leutoja.  <\/p>\n\n\n\n<figure class=\"wp-block-image size-full\"><img loading=\"lazy\" decoding=\"async\" width=\"603\" height=\"374\" src=\"https:\/\/vahamartti.fi\/blog\/wp-content\/uploads\/2024\/01\/kuva_2024-01-14_142849047.png\" alt=\"\" class=\"wp-image-5059\" srcset=\"https:\/\/vahamartti.fi\/blog\/wp-content\/uploads\/2024\/01\/kuva_2024-01-14_142849047.png 603w, https:\/\/vahamartti.fi\/blog\/wp-content\/uploads\/2024\/01\/kuva_2024-01-14_142849047-253x157.png 253w\" sizes=\"auto, (max-width: 603px) 100vw, 603px\" \/><\/figure>\n\n\n\n<p class=\"wp-block-paragraph\"><strong>Mutta miss\u00e4 sitten m\u00e4tt\u00e4\u00e4?\u2002<\/strong><\/p>\n\n\n\n<p class=\"wp-block-paragraph\">Ongelma liittyi normitetun kulutuksen lukemiin eri vuosina. Kun niit\u00e4 vertaili, tulos vaihteli jopa enemm\u00e4n kuin normittamaton kulutus. Eli tulokset eiv\u00e4t vastanneet odotusarvoja siit\u00e4, ett\u00e4 niiden olisi pit\u00e4nyt olla vuosittain jotakuinkin samanlaisia. Eli mit\u00e4 j\u00e4rke\u00e4 on vertailla laskennallisia lukuja kesken\u00e4\u00e4n, jos ne eiv\u00e4t kerro mist\u00e4\u00e4n mit\u00e4\u00e4n&#8230; <\/p>\n\n\n\n<p class=\"wp-block-paragraph\">L\u00e4ht\u00f6tietojen on luonnollisesti oltava oikein, eli on k\u00e4ytett\u00e4v\u00e4 paikkakuntakohtaista l\u00e4mmitystarvelukua, toteutunutta l\u00e4mmitystarvelukua, k\u00e4ytetty\u00e4 energiam\u00e4\u00e4r\u00e4\u00e4, sek\u00e4 l\u00e4mpim\u00e4n veden kulutusta. Ja t\u00e4ss\u00e4 se ongelman ydin piilikin, eli luvuissa ei ollut johdonmukaisuutta, koska l\u00e4ht\u00f6arvoissa oli ollut virheit\u00e4. Asia selvisi vasta, kun aloin tutkia ja tutustumaan asiaan kunnolla, sek\u00e4 laskin arvot ja vertasin niit\u00e4 aiemmin ilmoitettuihin arvoihin. Kun olin korjannut virheellisi\u00e4 l\u00e4ht\u00f6tietoja, alkoi lukuihin tulla j\u00e4rke\u00e4. Ja lopulta koko systeemin hienous alkoi hiljalleen avautumaan.<\/p>\n\n\n\n<p class=\"wp-block-paragraph\"><strong>L\u00e4mmitystarveluku<\/strong><\/p>\n\n\n\n<p class=\"wp-block-paragraph\">L\u00e4mmitystarveluku on paikkakuntakohtainen, ja se lasketaan ulkol\u00e4mp\u00f6tilan ja sis\u00e4l\u00e4mp\u00f6tilan erotuksesta tietyin ehdoin. Paikkakuntakohtaiset luvut saa <a href=\"https:\/\/www.ilmatieteenlaitos.fi\/lammitystarveluvut\" target=\"_blank\" rel=\"noreferrer noopener\">ilmatieteenlaitoksen palvelusta<\/a> ilmaiseksi, joten t\u00e4m\u00e4n suhteen ei tarvitse p\u00e4\u00e4t\u00e4\u00e4n vaivata.<\/p>\n\n\n\n<p class=\"wp-block-paragraph\">L\u00e4mmitystarveluvusta on saatavilla kuukausikohtaiset, sek\u00e4 vuosikohtaiset arvot. Olen k\u00e4ytt\u00e4nyt laskelmissa vuosiarvoa, koska vuosittainen l\u00e4mmitystarve on se, jota yleens\u00e4 vertaillaan. Kuten alla olevasta l\u00e4mmitystarveluvusta voidaan n\u00e4hd\u00e4, vuodet 2015 ja 2020 olivat varsin l\u00e4mpimi\u00e4, eli l\u00e4mmitystarve on ollut pienemp\u00e4\u00e4. Vastaavasti vuosi 2021 on ollut kylmempi. Muut vuodet ovat olleet varsin samanlaisia, eli l\u00e4mmitystarveluku on py\u00f6rinyt siin\u00e4 4000 pinnassa.<\/p>\n\n\n\n<figure class=\"wp-block-image size-full\"><img loading=\"lazy\" decoding=\"async\" width=\"603\" height=\"374\" src=\"https:\/\/vahamartti.fi\/blog\/wp-content\/uploads\/2024\/01\/kuva_2024-01-14_171504680.png\" alt=\"\" class=\"wp-image-5061\" srcset=\"https:\/\/vahamartti.fi\/blog\/wp-content\/uploads\/2024\/01\/kuva_2024-01-14_171504680.png 603w, https:\/\/vahamartti.fi\/blog\/wp-content\/uploads\/2024\/01\/kuva_2024-01-14_171504680-253x157.png 253w\" sizes=\"auto, (max-width: 603px) 100vw, 603px\" \/><\/figure>\n\n\n\n<p class=\"wp-block-paragraph\">Kun l\u00e4mmitystarvelukua vertaa kiinteist\u00f6n todelliseen energiankulutukseen (ensimm\u00e4inen kuvaaja), on havaittavissa selv\u00e4 korrelaatio.  Vuodet 2015 ja 2020 olivat l\u00e4mpim\u00e4mpi\u00e4, jonka my\u00f6t\u00e4 energiaakin on kulunut v\u00e4hemm\u00e4n.  Toisaalta vuodesta 2021 l\u00e4htien on tapahtunut jotain, koska kulutus ei vastaa l\u00e4mmitystarvetta samalla tavalla kuin aiemmin. Syist\u00e4 my\u00f6hemmin lis\u00e4\u00e4.<\/p>\n\n\n\n<p class=\"wp-block-paragraph\">Vaikka normitettu kulutus ei kerro syist\u00e4 miksi luvut ovat muuttuneet, niiden k\u00e4ytt\u00e4minen helpottaa eri vuosien vertailua. Yll\u00e4 olevassa esimerkiss\u00e4 silm\u00e4m\u00e4\u00e4r\u00e4isesti vertailin vuosikulutuksia l\u00e4mmitystarvelukuun, n\u00e4iden kesken on havaittavissa selke\u00e4 korrelaatio. Mutta jotta t\u00e4llaista p\u00e4hk\u00e4ily\u00e4 ei tarvitse tehd\u00e4, k\u00e4ytet\u00e4\u00e4n normitettua kulutusta.<\/p>\n\n\n\n<p class=\"wp-block-paragraph\"><strong>Normitettu kulutus<\/strong><\/p>\n\n\n\n<p class=\"wp-block-paragraph\">Aiemmin mainitsin ihmetelleeni normitetun kulutuksen j\u00e4rjellisyytt\u00e4, kun luvuissa ei tuntunut olevan mit\u00e4\u00e4n j\u00e4rke\u00e4. Ne eiv\u00e4t oikein tuntuneet noudattavan mit\u00e4\u00e4n j\u00e4rkev\u00e4\u00e4 kaavaa. Syy t\u00e4h\u00e4n oli lopulta varsin yksinkertainen, virheet laskelmissa. Toisinaan luvut olivat oikein, toisinaan niiss\u00e4 saattoi olla isohko virhe, joka suoraan selitt\u00e4\u00e4 ep\u00e4johdonmukaisuutta. Lis\u00e4ksi kun lukuja on esitetty vain viimeisten kolmen vuoden ajalta, niin mit\u00e4\u00e4n trendi\u00e4 ei ole ollut my\u00f6sk\u00e4\u00e4n helposti havaittavissa. Kun kerralla n\u00e4kee viimeiset 11 vuotta, saa varsin hyv\u00e4n k\u00e4sityksen, miten asioiden laita on. <\/p>\n\n\n\n<p class=\"wp-block-paragraph\">Alla on esitetty oikeita l\u00e4ht\u00f6arvoja k\u00e4ytt\u00e4en lasketut normitetun kulutuksen arvot kiinteist\u00f6lle. T\u00e4ss\u00e4kin on havaittavissa vuosittaista vaihtelua, eli arvo ei pysy t\u00e4ysin samana, vaan keskiarvoon n\u00e4hden vaihtelua on noin +-5MWh\/vuosi. Kuten jo aiemmin mainitsin, vuonna 2021 on n\u00e4ht\u00e4viss\u00e4 selv\u00e4 pudotus.<\/p>\n\n\n\n<figure class=\"wp-block-image size-full\"><img loading=\"lazy\" decoding=\"async\" width=\"602\" height=\"374\" src=\"https:\/\/vahamartti.fi\/blog\/wp-content\/uploads\/2024\/01\/kuva_2024-01-14_174648356.png\" alt=\"\" class=\"wp-image-5062\" srcset=\"https:\/\/vahamartti.fi\/blog\/wp-content\/uploads\/2024\/01\/kuva_2024-01-14_174648356.png 602w, https:\/\/vahamartti.fi\/blog\/wp-content\/uploads\/2024\/01\/kuva_2024-01-14_174648356-253x157.png 253w\" sizes=\"auto, (max-width: 602px) 100vw, 602px\" \/><\/figure>\n\n\n\n<p class=\"wp-block-paragraph\">Vuosittaisista vaihteluista huolimatta, on varsin selv\u00e4sti n\u00e4ht\u00e4viss\u00e4, ett\u00e4 kiinteist\u00f6n energiantarve ei ole muuttunut vuosien varrella. Vuosi 2015 on ainoa, joka kiinnitt\u00e4\u00e4 huomion, sill\u00e4 silloin l\u00e4mmitystarve on ollut v\u00e4h\u00e4inen l\u00e4mmitystarveluvusta katsottuna, silti energiaa on mennyt jonkin verran enemm\u00e4n kuin keskim\u00e4\u00e4rin. T\u00e4m\u00e4n poikkeaman syyt\u00e4 en osaa selitt\u00e4\u00e4, sill\u00e4 muutin kiinteist\u00f6\u00f6n vuonna 2016 enk\u00e4 papereistakaan ole l\u00f6yt\u00e4nyt t\u00e4lle selityst\u00e4 &#8211; ei sill\u00e4, ett\u00e4 t\u00e4ll\u00e4 mit\u00e4\u00e4n merkityst\u00e4 olisi.<\/p>\n\n\n\n<p class=\"wp-block-paragraph\">Vuosina 2013-2020 keskim\u00e4\u00e4r\u00e4inen normitettu kulutus on ollut 142 MWh. Vuosina 2021-2022 kulutus on pudonnut 133 MWh:iin ja  123 MWh:iin vuonna 2023. Vuoden 2021 pudotus selittyy kattoremontista, sek\u00e4 ennen kaikkea v\u00e4likaton lis\u00e4eristyksest\u00e4. Vuoden 2023 pudotus on vuorostaan seurausta pesuhuoneiden ja saunojen  viallisten venttiilien ja termostaattien uusimisesta. Saunoissa oli ennen muutosta jopa yli 40 C l\u00e4mp\u00f6 jatkuvasti, korjauksen j\u00e4lkeen l\u00e4mm\u00f6t ovat olleet siell\u00e4 20-25C paikkeilla. Pienill\u00e4 teoilla voi olla yll\u00e4tt\u00e4v\u00e4nkin suuria vaikutuksia.<\/p>\n\n\n\n<p class=\"wp-block-paragraph\">Sek\u00e4 katon lis\u00e4eristys, ett\u00e4 termostaattien uusiminen ovat olleet energiatehokkuutta parantavia toimenpiteit\u00e4. N\u00e4m\u00e4 ovat selv\u00e4sti n\u00e4ht\u00e4viss\u00e4 normitetun kulutuksen laskelmista, ja t\u00e4m\u00e4 onkin normitetun kulutuksen hienous. Vaikka se ei kerro syist\u00e4 miksi muutoksia on tapahtunut, luvuista n\u00e4kee selv\u00e4sti tehtyjen toimenpiteiden hy\u00f6dyn. Tai sen, jos jotain on mennyt pieleen, eli kulutus on l\u00e4htenyt kasvuun.<\/p>\n\n\n\n<p class=\"wp-block-paragraph\"><strong>Laskelmien tekeminen<\/strong><\/p>\n\n\n\n<p class=\"wp-block-paragraph\">Nyt kun laskelmien tekemisen hy\u00f6dyt ja tulokset on esitelty, niin miten laskelmat sitten tehd\u00e4\u00e4n?<\/p>\n\n\n\n<p class=\"wp-block-paragraph\">Sin\u00e4ll\u00e4\u00e4n laskelman tekeminen on hyvin suoraviivaista, joiden tekemiseksi tarvitset seuraavat tiedot:<\/p>\n\n\n\n<ul class=\"wp-block-list\">\n<li>S<sub>N<\/sub> = Paikkakuntakohtaisen <a href=\"https:\/\/www.motiva.fi\/files\/20933\/Lammitysenergiankulutuksen_kuntakertoimet_1991-2020.xls.xlsx\" data-type=\"link\" data-id=\"https:\/\/www.motiva.fi\/files\/20933\/Lammitysenergiankulutuksen_kuntakertoimet_1991-2020.xls.xlsx\" target=\"_blank\" rel=\"noreferrer noopener\">l\u00e4mmitystarveluku<\/a>, esim. Lahdessa 4238<\/li>\n\n\n\n<li>S<sub>tot<\/sub> = Toteutunut <a href=\"https:\/\/www.ilmatieteenlaitos.fi\/lammitystarveluvut\" target=\"_blank\" rel=\"noreferrer noopener\">l\u00e4mmitystarveluku<\/a>, esim. vuonna 2023 Lahdessa 3980<\/li>\n\n\n\n<li>V<sub>lkv<\/sub> = L\u00e4mpim\u00e4n k\u00e4ytt\u00f6veden m\u00e4\u00e4r\u00e4 [m<sup>3<\/sup>]<\/li>\n\n\n\n<li>Q<sub>kok<\/sub> = Kiinteist\u00f6n l\u00e4mmitysenergian m\u00e4\u00e4r\u00e4 [MWh] (esim. kaukol\u00e4mm\u00f6n vuosikulutus)<\/li>\n<\/ul>\n\n\n\n<p class=\"wp-block-paragraph\">Motivan sivuilla on <a href=\"https:\/\/www.motiva.fi\/files\/20935\/Motiva_Kulutuksennormitus_laskentakaavat-ja-ohjeet_01-2023.pdf\" target=\"_blank\" rel=\"noreferrer noopener\">ohjeet<\/a> vertailuluvun laskemiseksi. Olen k\u00e4ytt\u00e4nyt laskemien tekemisess\u00e4 kaavaa 1, jolla vertaillaan kiinteist\u00f6n energiakulutusta eri vuosien kesken. <\/p>\n\n\n\n<p class=\"wp-block-paragraph\">Kaava on kaksiosainen. L\u00e4mpim\u00e4n k\u00e4ytt\u00f6veden k\u00e4ytt\u00e4m\u00e4 energiam\u00e4\u00e4r\u00e4 ei ole riippuvainen l\u00e4mmitystarveluvusta, jonka takia veden k\u00e4ytt\u00e4m\u00e4 energia v\u00e4hennet\u00e4\u00e4n laskuista. Se kuitenkin lis\u00e4t\u00e4\u00e4n lopuksi laskelmaan, koska se on osa kiinteist\u00f6n energiankulutusta. T\u00e4st\u00e4 p\u00e4\u00e4st\u00e4\u00e4nkin siihen, ett\u00e4 koska l\u00e4mmin vesi huomioidaan laskelmassa, niin normitettu kulutus ei ole pelk\u00e4st\u00e4\u00e4n s\u00e4\u00e4st\u00e4 riippuva, vaan my\u00f6s asukkaiden m\u00e4\u00e4r\u00e4st\u00e4, eli l\u00e4mpim\u00e4n veden k\u00e4ytt\u00f6m\u00e4\u00e4r\u00e4st\u00e4 kiinni.<\/p>\n\n\n\n<p class=\"wp-block-paragraph\">Vaikka eroa laskelmissa tuleekin l\u00e4mpim\u00e4n veden takia, tasoittuu luvut vain hieman, kun veden vaikutuksen poistaa laskelmista. Vuoden 2015 hypp\u00e4yst\u00e4 tuo ei kuitenkaan poistanut.<\/p>\n\n\n\n<figure class=\"wp-block-image size-full\"><img loading=\"lazy\" decoding=\"async\" width=\"603\" height=\"374\" src=\"https:\/\/vahamartti.fi\/blog\/wp-content\/uploads\/2024\/01\/kuva_2024-01-14_203013324.png\" alt=\"\" class=\"wp-image-5071\" srcset=\"https:\/\/vahamartti.fi\/blog\/wp-content\/uploads\/2024\/01\/kuva_2024-01-14_203013324.png 603w, https:\/\/vahamartti.fi\/blog\/wp-content\/uploads\/2024\/01\/kuva_2024-01-14_203013324-253x157.png 253w\" sizes=\"auto, (max-width: 603px) 100vw, 603px\" \/><\/figure>\n\n\n\n<p class=\"wp-block-paragraph\">L\u00e4mpim\u00e4n veden l\u00e4mmitykseen k\u00e4ytetty energiam\u00e4\u00e4r\u00e4 saadaan laskettua seuraavalla yksinkertaistetulla kaavalla:<\/p>\n\n\n\n<p class=\"wp-block-paragraph\">Q<sub>lkv<\/sub> = V<sub>lkv<\/sub> * 58 \/ 1000<\/p>\n\n\n\n<p class=\"wp-block-paragraph\">Laskennan voi tehd\u00e4 my\u00f6s fysiikan tunneilta tuttua <a href=\"https:\/\/vahamartti.fi\/blog\/?p=4503\" data-type=\"post\" data-id=\"4503\" target=\"_blank\" rel=\"noreferrer noopener\">kaavaa <\/a>k\u00e4ytt\u00e4en:<\/p>\n\n\n\n<p class=\"wp-block-paragraph\">Q<sub>lkv<\/sub> = (c * m * \u0394t) \/ 3600<\/p>\n\n\n\n<p class=\"wp-block-paragraph\">Kun veden l\u00e4mmitt\u00e4miseen tarvittava energiam\u00e4\u00e4r\u00e4 on saatu lasketuksi, on kaikki luvut kasassa normitetun kulutuksen laskemiseksi alla olevalla kaavalla. <\/p>\n\n\n\n<p class=\"wp-block-paragraph\">Q<sub>norm<\/sub> = (S<sub>N<\/sub> \/ S<sub>tot<\/sub>) * (Q<sub>kok<\/sub> &#8211; Q<sub>lkv<\/sub>) + Q<sub>lkv<\/sub>  <\/p>\n\n\n\n<p class=\"wp-block-paragraph\"><\/p>\n\n\n\n<p class=\"wp-block-paragraph\"><strong>Tulosten analysointi<\/strong><\/p>\n\n\n\n<p class=\"wp-block-paragraph\">Yksitt\u00e4isen vuoden lukema on varsin orpo, toisaalta eri vuosien lukujen pit\u00e4isi olla varsin samanlaisia. Useamman vuoden lukemista on iloa silloin, kun tarkastellaan energianparannushankkeen onnistumista.<\/p>\n\n\n\n<p class=\"wp-block-paragraph\">Toisaalta yhden vuoden lukemalla voi vertailla kahden kiinteist\u00f6n energiankulutusta toisiinsa samalla paikkakunnalla, tai korjauskertoimia k\u00e4ytt\u00e4en eripuolin suomea. N\u00e4in saa  varsin hyv\u00e4n kuvan siit\u00e4, miten oma kiinteist\u00f6 suoriutuu. Mit\u00e4 pienempi kulutus, sit\u00e4 energiatehokkaampi ja pienemm\u00e4t l\u00e4mmityskulut kiinteist\u00f6ss\u00e4 on.<\/p>\n\n\n\n<p class=\"wp-block-paragraph\">Kuten alussa k\u00e4vin l\u00e4pi taloyhti\u00f6n tuloksia, niin olin hieman yll\u00e4ttynyt, ett\u00e4 v\u00e4likaton lis\u00e4eristys n\u00e4kyi niinkin selv\u00e4sti laskelmissa. Erist\u00e4misest\u00e4 on aina hy\u00f6ty\u00e4, mutta osaltaan olen pit\u00e4nyt v\u00e4likaton erist\u00e4mist\u00e4 jopa humpuukina, eli hy\u00f6ty\u00e4 varsin pienen\u00e4 suhteessa kustannuksiin. V\u00e4likaton erist\u00e4misen tuoma energians\u00e4\u00e4st\u00f6 l\u00e4mmityslaskussa on vuosittain kuitenkin sit\u00e4 luokkaa, ett\u00e4 eristyskustannukset kuittaavat itsens\u00e4 noin nelj\u00e4ss\u00e4 vuodessa. L\u00e4mmitysventtiilien osittaisen uusimisen tuomat s\u00e4\u00e4st\u00f6t ovat samaa luokkaa kuin katon eristyksen. Venttiilien uusimisen kustannukset on kuitattu vuodessa. <\/p>\n\n\n\n<p class=\"wp-block-paragraph\">N\u00e4m\u00e4 ovatkin niit\u00e4 seikkoja, joiden takia normitettu kulutus on todella informatiivinen luku. Toisaalta ei tule unohtaa kuukausittaisen kulutusseurannan t\u00e4rkeytt\u00e4, tai ideointia, joilla energiatehokkuutta tai kulutusta saataisiin alennettua. <\/p>\n","protected":false},"excerpt":{"rendered":"<p>Jo pitk\u00e4\u00e4n olen ihmetellyt, mik\u00e4 idea kiinteist\u00f6n kulutuksen normituksella on &#8211; se kun ei vastaa todellista kulutusta, eik\u00e4 se ole tuntunut vastaavan oikein mit\u00e4\u00e4n muutakaan &#8211; edes itse\u00e4\u00e4n.\u2002Olen asiasta lukenut monesti aiemmin, esimerkiksi Motivan sivuilta, ja sin\u00e4ll\u00e4\u00e4n periaate on ymm\u00e4rrett\u00e4v\u00e4. Normituksen ideana on tasoittaa l\u00e4mp\u00f6tilasta, eli l\u00e4mmitystarpeesta johtuvat vaihtelut. Toisin sanoen, oli talvi todella kylm\u00e4 &hellip; <a href=\"https:\/\/vahamartti.fi\/blog\/?p=5057\" class=\"more-link\">Jatka lukemista <span class=\"screen-reader-text\">Kulutuksen normitus<\/span> <span class=\"meta-nav\">&rarr;<\/span><\/a><\/p>\n","protected":false},"author":1,"featured_media":0,"comment_status":"open","ping_status":"closed","sticky":false,"template":"","format":"standard","meta":{"_crdt_document":"","_monsterinsights_skip_tracking":false,"_monsterinsights_sitenote_active":false,"_monsterinsights_sitenote_note":"","_monsterinsights_sitenote_category":0,"jetpack_post_was_ever_published":false,"_jetpack_newsletter_access":"","_jetpack_dont_email_post_to_subs":false,"_jetpack_newsletter_tier_id":0,"_jetpack_memberships_contains_paywalled_content":false,"_jetpack_memberships_contains_paid_content":false,"footnotes":"","jetpack_publicize_message":"","jetpack_publicize_feature_enabled":true,"jetpack_social_post_already_shared":true,"jetpack_social_options":{"image_generator_settings":{"template":"highway","default_image_id":0,"font":"","enabled":false},"version":2}},"categories":[15],"tags":[1145,1148,1146,1147],"class_list":["post-5057","post","type-post","status-publish","format-standard","hentry","category-yhteiskunta","tag-energiankulutus","tag-kulutuksen-normitus","tag-motiva","tag-normitettu-kulutus"],"jetpack_publicize_connections":[],"jetpack_featured_media_url":"","jetpack_shortlink":"https:\/\/wp.me\/p1fteB-1jz","jetpack_sharing_enabled":true,"jetpack-related-posts":[],"_links":{"self":[{"href":"https:\/\/vahamartti.fi\/blog\/index.php?rest_route=\/wp\/v2\/posts\/5057","targetHints":{"allow":["GET"]}}],"collection":[{"href":"https:\/\/vahamartti.fi\/blog\/index.php?rest_route=\/wp\/v2\/posts"}],"about":[{"href":"https:\/\/vahamartti.fi\/blog\/index.php?rest_route=\/wp\/v2\/types\/post"}],"author":[{"embeddable":true,"href":"https:\/\/vahamartti.fi\/blog\/index.php?rest_route=\/wp\/v2\/users\/1"}],"replies":[{"embeddable":true,"href":"https:\/\/vahamartti.fi\/blog\/index.php?rest_route=%2Fwp%2Fv2%2Fcomments&post=5057"}],"version-history":[{"count":33,"href":"https:\/\/vahamartti.fi\/blog\/index.php?rest_route=\/wp\/v2\/posts\/5057\/revisions"}],"predecessor-version":[{"id":5100,"href":"https:\/\/vahamartti.fi\/blog\/index.php?rest_route=\/wp\/v2\/posts\/5057\/revisions\/5100"}],"wp:attachment":[{"href":"https:\/\/vahamartti.fi\/blog\/index.php?rest_route=%2Fwp%2Fv2%2Fmedia&parent=5057"}],"wp:term":[{"taxonomy":"category","embeddable":true,"href":"https:\/\/vahamartti.fi\/blog\/index.php?rest_route=%2Fwp%2Fv2%2Fcategories&post=5057"},{"taxonomy":"post_tag","embeddable":true,"href":"https:\/\/vahamartti.fi\/blog\/index.php?rest_route=%2Fwp%2Fv2%2Ftags&post=5057"}],"curies":[{"name":"wp","href":"https:\/\/api.w.org\/{rel}","templated":true}]}}