{"id":3892,"date":"2019-03-30T01:36:04","date_gmt":"2019-03-29T22:36:04","guid":{"rendered":"http:\/\/vahamartti.fi\/blog\/?p=3892"},"modified":"2019-12-28T15:23:02","modified_gmt":"2019-12-28T12:23:02","slug":"lapparin-naytto-pimenee-laturia-kytkettaessa","status":"publish","type":"post","link":"http:\/\/vahamartti.fi\/blog\/?p=3892","title":{"rendered":"L\u00e4pp\u00e4rin n\u00e4ytt\u00f6 pimenee laturia kytkett\u00e4ess\u00e4"},"content":{"rendered":"\n<p class=\"wp-block-paragraph\">Minua on jo pidemm\u00e4n aikaa piinannut tilanne, jossa kannettavan tietokoneen n\u00e4ytt\u00f6 pimenee, kun laturin irrottaa. Ongelma ei esiinny joka kerralla. Lis\u00e4ksi kyseess\u00e4 ei ole taustavalon sammuminen, vaan vaikuttaa  silt\u00e4, ett\u00e4 n\u00e4yt\u00f6nohjain lopettaa toimintansa.<\/p>\n\n\n\n<p class=\"wp-block-paragraph\">Ongelma kuulostaa Windows \/ ajuriongelmalta. P\u00e4ivityksi\u00e4 on tullut viimeisen 6kk aikana useita, mutta ongelma ei ole poistunut. Mik\u00e4li ongelma olisi ajureissa, luulisi ett\u00e4 t\u00e4llainen ongelma korjattaisiin pikimmiten. Mutta, koska t\u00e4m\u00e4 ongelma koskee kahta kannettavaa tietokonetta (ty\u00f6kone ja kotikone), on hyvin ep\u00e4todenn\u00e4k\u00f6ist\u00e4, ett\u00e4 kyseess\u00e4 olisi rautavika.<\/p>\n\n\n\n<p class=\"wp-block-paragraph\">Yhteist\u00e4 molemmille koneille on ainakin Windows 10, sek\u00e4 Intelin n\u00e4yt\u00f6nohjain. Molemmista koneista l\u00f6ytyy my\u00f6s Intel HD-grafiikkaohjauspaneeli -niminen ohjelma. <\/p>\n\n\n\n<p class=\"wp-block-paragraph\">Koska n\u00e4ytt\u00f6 v\u00e4l\u00e4ht\u00e4\u00e4 laturia  irrotettaessa, viittaa t\u00e4m\u00e4 jonkin asetuksen muuttumiseen. V\u00e4l\u00e4hdys on jotakuinkin samanlainen kuin joissain koneissa resoluutiota vaihtaessa. Intel HD-grafiikkaohjauspaneeli mahdollistaa resoluution ja virkistystaajuuden muuttamisen lis\u00e4ksi my\u00f6s kirkkauden, kontrastin, s\u00e4vyn ja v\u00e4rikyll\u00e4isyyden s\u00e4\u00e4d\u00f6n.<\/p>\n\n\n\n<p class=\"wp-block-paragraph\">Kokeilin s\u00e4\u00e4t\u00e4\u00e4 eri asetuksia. Kirkkauden, kontrastin, s\u00e4vyn ja v\u00e4rikyll\u00e4isyyden s\u00e4\u00e4t\u00e4misell\u00e4 ei saanut pime\u00e4\u00e4 kuvaa. My\u00f6sk\u00e4\u00e4n n\u00e4iden muuttaminen ei saanut aikaan n\u00e4yt\u00f6n v\u00e4l\u00e4ht\u00e4mist\u00e4. Kokeilin vaihtaa my\u00f6s resoluutiota, mutta sekin vaihtui saumattomasti, toisaalta haluan k\u00e4ytt\u00e4\u00e4 n\u00e4ytt\u00f6j\u00e4 niiden nimellistarkkuudella, joten t\u00e4m\u00e4 ei olisi mik\u00e4\u00e4n vaihtoehto. Viimeinen s\u00e4\u00e4dett\u00e4v\u00e4 asia on p\u00e4ivitystaajuus. Kun t\u00e4t\u00e4 vaihtoi, n\u00e4ytt\u00f6 v\u00e4l\u00e4hti. T\u00e4ss\u00e4 saattaisi olla ratkaisu&#8230; <\/p>\n\n\n\n<figure class=\"wp-block-image\"><img loading=\"lazy\" decoding=\"async\" width=\"687\" height=\"480\" src=\"http:\/\/vahamartti.fi\/blog\/wp-content\/uploads\/2019\/03\/intel_taajuus.png\" alt=\"\" class=\"wp-image-3898\" srcset=\"http:\/\/vahamartti.fi\/blog\/wp-content\/uploads\/2019\/03\/intel_taajuus.png 687w, http:\/\/vahamartti.fi\/blog\/wp-content\/uploads\/2019\/03\/intel_taajuus-253x177.png 253w\" sizes=\"auto, (max-width: 687px) 100vw, 687px\" \/><\/figure>\n\n\n\n<p class=\"wp-block-paragraph\">Muutin p\u00e4ivitystaajuuden 60 Hz:sta 48 Hz:iin, ja yll\u00e4tys yll\u00e4tys, n\u00e4ytt\u00f6 ei ole temppuillut kertaakaan t\u00e4m\u00e4n muutoksen tekemisen j\u00e4lkeen.<\/p>\n\n\n\n<p class=\"wp-block-paragraph\">Virtajohdon  irrottaminen saa p\u00e4ivitystaajuuden todenn\u00e4k\u00f6isesti muuttumaan, joka yhdess\u00e4 jonkin toisen bugin kanssa saa aikaan toisinaan n\u00e4yt\u00f6n pimenemisen, josta p\u00e4\u00e4see eroon ainoastaan s\u00e4hk\u00f6t katkaisemalla.<\/p>\n","protected":false},"excerpt":{"rendered":"<p>Minua on jo pidemm\u00e4n aikaa piinannut tilanne, jossa kannettavan tietokoneen n\u00e4ytt\u00f6 pimenee, kun laturin irrottaa. Ongelma ei esiinny joka kerralla. Lis\u00e4ksi kyseess\u00e4 ei ole taustavalon sammuminen, vaan vaikuttaa silt\u00e4, ett\u00e4 n\u00e4yt\u00f6nohjain lopettaa toimintansa. Ongelma kuulostaa Windows \/ ajuriongelmalta. P\u00e4ivityksi\u00e4 on tullut viimeisen 6kk aikana useita, mutta ongelma ei ole poistunut. Mik\u00e4li ongelma olisi ajureissa, luulisi &hellip; <a href=\"http:\/\/vahamartti.fi\/blog\/?p=3892\" class=\"more-link\">Jatka lukemista <span class=\"screen-reader-text\">L\u00e4pp\u00e4rin n\u00e4ytt\u00f6 pimenee laturia kytkett\u00e4ess\u00e4<\/span> <span class=\"meta-nav\">&rarr;<\/span><\/a><\/p>\n","protected":false},"author":1,"featured_media":0,"comment_status":"open","ping_status":"closed","sticky":false,"template":"","format":"standard","meta":{"_crdt_document":"","_monsterinsights_skip_tracking":false,"_monsterinsights_sitenote_active":false,"_monsterinsights_sitenote_note":"","_monsterinsights_sitenote_category":0,"jetpack_post_was_ever_published":false,"_jetpack_newsletter_access":"","_jetpack_dont_email_post_to_subs":false,"_jetpack_newsletter_tier_id":0,"_jetpack_memberships_contains_paywalled_content":false,"_jetpack_memberships_contains_paid_content":false,"footnotes":"","jetpack_publicize_message":"","jetpack_publicize_feature_enabled":true,"jetpack_social_post_already_shared":true,"jetpack_social_options":{"image_generator_settings":{"template":"highway","default_image_id":0,"font":"","enabled":false},"version":2}},"categories":[30,384],"tags":[430,506,970],"class_list":["post-3892","post","type-post","status-publish","format-standard","hentry","category-saatoa","category-vinkit","tag-naytto","tag-ongelma","tag-pimenee"],"jetpack_publicize_connections":[],"jetpack_featured_media_url":"","jetpack_shortlink":"https:\/\/wp.me\/p1fteB-10M","jetpack_sharing_enabled":true,"jetpack-related-posts":[],"_links":{"self":[{"href":"http:\/\/vahamartti.fi\/blog\/index.php?rest_route=\/wp\/v2\/posts\/3892","targetHints":{"allow":["GET"]}}],"collection":[{"href":"http:\/\/vahamartti.fi\/blog\/index.php?rest_route=\/wp\/v2\/posts"}],"about":[{"href":"http:\/\/vahamartti.fi\/blog\/index.php?rest_route=\/wp\/v2\/types\/post"}],"author":[{"embeddable":true,"href":"http:\/\/vahamartti.fi\/blog\/index.php?rest_route=\/wp\/v2\/users\/1"}],"replies":[{"embeddable":true,"href":"http:\/\/vahamartti.fi\/blog\/index.php?rest_route=%2Fwp%2Fv2%2Fcomments&post=3892"}],"version-history":[{"count":5,"href":"http:\/\/vahamartti.fi\/blog\/index.php?rest_route=\/wp\/v2\/posts\/3892\/revisions"}],"predecessor-version":[{"id":4145,"href":"http:\/\/vahamartti.fi\/blog\/index.php?rest_route=\/wp\/v2\/posts\/3892\/revisions\/4145"}],"wp:attachment":[{"href":"http:\/\/vahamartti.fi\/blog\/index.php?rest_route=%2Fwp%2Fv2%2Fmedia&parent=3892"}],"wp:term":[{"taxonomy":"category","embeddable":true,"href":"http:\/\/vahamartti.fi\/blog\/index.php?rest_route=%2Fwp%2Fv2%2Fcategories&post=3892"},{"taxonomy":"post_tag","embeddable":true,"href":"http:\/\/vahamartti.fi\/blog\/index.php?rest_route=%2Fwp%2Fv2%2Ftags&post=3892"}],"curies":[{"name":"wp","href":"https:\/\/api.w.org\/{rel}","templated":true}]}}